{"id":1019,"date":"2021-10-25T21:02:24","date_gmt":"2021-10-25T19:02:24","guid":{"rendered":"https:\/\/granjaescuela-haritzberri.com\/aforo-completo-en-la-proxima-plantacion-popular\/"},"modified":"2024-10-23T19:06:24","modified_gmt":"2024-10-23T17:06:24","slug":"aforo-completo-en-la-proxima-plantacion-popular","status":"publish","type":"post","link":"https:\/\/granjaescuela-haritzberri.com\/eu\/aforo-completo-en-la-proxima-plantacion-popular\/","title":{"rendered":"\u00a1AFORO COMPLETO EN LA PROXIMA PLANTACI\u00d3N POPULAR!"},"content":{"rendered":"<div class=\"fusion-fullwidth fullwidth-box fusion-builder-row-1 fusion-flex-container has-pattern-background has-mask-background nonhundred-percent-fullwidth non-hundred-percent-height-scrolling\" style=\"--awb-border-radius-top-left:0px;--awb-border-radius-top-right:0px;--awb-border-radius-bottom-right:0px;--awb-border-radius-bottom-left:0px;--awb-flex-wrap:wrap;\" ><div class=\"fusion-builder-row fusion-row fusion-flex-align-items-flex-start fusion-flex-content-wrap\" style=\"max-width:1216.8px;margin-left: calc(-4% \/ 2 );margin-right: calc(-4% \/ 2 );\"><div class=\"fusion-layout-column fusion_builder_column fusion-builder-column-0 fusion_builder_column_1_1 1_1 fusion-flex-column\" style=\"--awb-bg-size:cover;--awb-width-large:100%;--awb-margin-top-large:0px;--awb-spacing-right-large:1.92%;--awb-margin-bottom-large:20px;--awb-spacing-left-large:1.92%;--awb-width-medium:100%;--awb-order-medium:0;--awb-spacing-right-medium:1.92%;--awb-spacing-left-medium:1.92%;--awb-width-small:100%;--awb-order-small:0;--awb-spacing-right-small:1.92%;--awb-spacing-left-small:1.92%;\"><div class=\"fusion-column-wrapper fusion-column-has-shadow fusion-flex-justify-content-flex-start fusion-content-layout-column\"><div class=\"fusion-title title fusion-title-1 fusion-sep-none fusion-title-text fusion-title-size-three\" style=\"--awb-text-color:var(--awb-color7);--awb-margin-top:35px;\"><h3 class=\"fusion-title-heading title-heading-left fusion-responsive-typography-calculated\" style=\"font-family:&quot;Caveat Brush&quot;;font-style:normal;font-weight:400;margin:0;text-transform:none;--fontSize:25;line-height:var(--awb-typography1-line-height);\">\u00a1Hemos completado aforo!<\/h3><\/div><div class=\"fusion-text fusion-text-1\"><p>La pr\u00f3xima jornada de plantaci\u00f3n popular, que ser\u00e1 el 13 de noviembre, ha completado su aforo. La jornada ha tenido una incre\u00edble acogida, por lo que nos vemos en la obligaci\u00f3n de cerrar nuevas inscripciones. Pero no os preocup\u00e9is. Quienes est\u00e9is interesados\/as en plantar un \u00e1rbol y colaborar con este proyecto, tendr\u00e9is una nueva oportunidad en marzo del a\u00f1o que viene. Como siempre, os iremos avisando con tiempo de las fechas elegidas.<\/p>\n<p>Muchas gracias a todas y todos por apoyar este proyecto!!<\/p>\n<\/div><\/div><\/div><\/div><\/div>\n","protected":false},"excerpt":{"rendered":"","protected":false},"author":2,"featured_media":1394,"comment_status":"open","ping_status":"open","sticky":false,"template":"","format":"standard","meta":{"_acf_changed":false,"footnotes":""},"categories":[20],"tags":[],"class_list":["post-1019","post","type-post","status-publish","format-standard","has-post-thumbnail","hentry","category-bizi-baso-eu"],"acf":[],"yoast_head":"<!-- This site is optimized with the Yoast SEO plugin v27.5 - https:\/\/yoast.com\/product\/yoast-seo-wordpress\/ -->\n<title>\u00a1AFORO COMPLETO EN LA PROXIMA PLANTACI\u00d3N POPULAR! - Granja escuela Haritz Berri<\/title>\n<meta name=\"robots\" content=\"index, follow, max-snippet:-1, max-image-preview:large, max-video-preview:-1\" \/>\n<link rel=\"canonical\" href=\"https:\/\/granjaescuela-haritzberri.com\/aforo-completo-en-la-proxima-plantacion-popular\/\" \/>\n<meta property=\"og:locale\" content=\"en_US\" \/>\n<meta property=\"og:type\" content=\"article\" \/>\n<meta property=\"og:title\" content=\"\u00a1AFORO COMPLETO EN LA PROXIMA PLANTACI\u00d3N POPULAR! - Granja escuela Haritz Berri\" \/>\n<meta property=\"og:url\" content=\"https:\/\/granjaescuela-haritzberri.com\/aforo-completo-en-la-proxima-plantacion-popular\/\" \/>\n<meta property=\"og:site_name\" content=\"Granja escuela Haritz Berri\" \/>\n<meta property=\"article:published_time\" content=\"2021-10-25T19:02:24+00:00\" \/>\n<meta property=\"article:modified_time\" content=\"2024-10-23T17:06:24+00:00\" \/>\n<meta property=\"og:image\" content=\"https:\/\/granjaescuela-haritzberri.com\/wp-content\/uploads\/2021\/10\/PREBODA-DANI-RAQUEL-4-1024x683-1.jpg\" \/>\n\t<meta property=\"og:image:width\" content=\"1024\" \/>\n\t<meta property=\"og:image:height\" content=\"683\" \/>\n\t<meta property=\"og:image:type\" content=\"image\/jpeg\" \/>\n<meta name=\"author\" content=\"Alberto Perez\" \/>\n<meta name=\"twitter:card\" content=\"summary_large_image\" \/>\n<meta name=\"twitter:label1\" content=\"Written by\" \/>\n\t<meta name=\"twitter:data1\" content=\"Alberto Perez\" \/>\n\t<meta name=\"twitter:label2\" content=\"Est. reading time\" \/>\n\t<meta name=\"twitter:data2\" content=\"7 minutua\" \/>\n<script type=\"application\/ld+json\" class=\"yoast-schema-graph\">{\"@context\":\"https:\\\/\\\/schema.org\",\"@graph\":[{\"@type\":\"Article\",\"@id\":\"https:\\\/\\\/granjaescuela-haritzberri.com\\\/aforo-completo-en-la-proxima-plantacion-popular\\\/#article\",\"isPartOf\":{\"@id\":\"https:\\\/\\\/granjaescuela-haritzberri.com\\\/aforo-completo-en-la-proxima-plantacion-popular\\\/\"},\"author\":{\"name\":\"Alberto Perez\",\"@id\":\"https:\\\/\\\/granjaescuela-haritzberri.com\\\/#\\\/schema\\\/person\\\/5533e6a03045139e0188c46292a20a19\"},\"headline\":\"\u00a1AFORO COMPLETO EN LA PROXIMA PLANTACI\u00d3N POPULAR!\",\"datePublished\":\"2021-10-25T19:02:24+00:00\",\"dateModified\":\"2024-10-23T17:06:24+00:00\",\"mainEntityOfPage\":{\"@id\":\"https:\\\/\\\/granjaescuela-haritzberri.com\\\/aforo-completo-en-la-proxima-plantacion-popular\\\/\"},\"wordCount\":1360,\"commentCount\":0,\"image\":{\"@id\":\"https:\\\/\\\/granjaescuela-haritzberri.com\\\/aforo-completo-en-la-proxima-plantacion-popular\\\/#primaryimage\"},\"thumbnailUrl\":\"https:\\\/\\\/granjaescuela-haritzberri.com\\\/wp-content\\\/uploads\\\/2021\\\/10\\\/PREBODA-DANI-RAQUEL-4-1024x683-1.jpg\",\"articleSection\":[\"Bizi-baso\"],\"inLanguage\":\"eu\",\"potentialAction\":[{\"@type\":\"CommentAction\",\"name\":\"Comment\",\"target\":[\"https:\\\/\\\/granjaescuela-haritzberri.com\\\/aforo-completo-en-la-proxima-plantacion-popular\\\/#respond\"]}]},{\"@type\":\"WebPage\",\"@id\":\"https:\\\/\\\/granjaescuela-haritzberri.com\\\/aforo-completo-en-la-proxima-plantacion-popular\\\/\",\"url\":\"https:\\\/\\\/granjaescuela-haritzberri.com\\\/aforo-completo-en-la-proxima-plantacion-popular\\\/\",\"name\":\"\u00a1AFORO COMPLETO EN LA PROXIMA PLANTACI\u00d3N POPULAR! - Granja escuela Haritz Berri\",\"isPartOf\":{\"@id\":\"https:\\\/\\\/granjaescuela-haritzberri.com\\\/#website\"},\"primaryImageOfPage\":{\"@id\":\"https:\\\/\\\/granjaescuela-haritzberri.com\\\/aforo-completo-en-la-proxima-plantacion-popular\\\/#primaryimage\"},\"image\":{\"@id\":\"https:\\\/\\\/granjaescuela-haritzberri.com\\\/aforo-completo-en-la-proxima-plantacion-popular\\\/#primaryimage\"},\"thumbnailUrl\":\"https:\\\/\\\/granjaescuela-haritzberri.com\\\/wp-content\\\/uploads\\\/2021\\\/10\\\/PREBODA-DANI-RAQUEL-4-1024x683-1.jpg\",\"datePublished\":\"2021-10-25T19:02:24+00:00\",\"dateModified\":\"2024-10-23T17:06:24+00:00\",\"author\":{\"@id\":\"https:\\\/\\\/granjaescuela-haritzberri.com\\\/#\\\/schema\\\/person\\\/5533e6a03045139e0188c46292a20a19\"},\"breadcrumb\":{\"@id\":\"https:\\\/\\\/granjaescuela-haritzberri.com\\\/aforo-completo-en-la-proxima-plantacion-popular\\\/#breadcrumb\"},\"inLanguage\":\"eu\",\"potentialAction\":[{\"@type\":\"ReadAction\",\"target\":[\"https:\\\/\\\/granjaescuela-haritzberri.com\\\/aforo-completo-en-la-proxima-plantacion-popular\\\/\"]}]},{\"@type\":\"ImageObject\",\"inLanguage\":\"eu\",\"@id\":\"https:\\\/\\\/granjaescuela-haritzberri.com\\\/aforo-completo-en-la-proxima-plantacion-popular\\\/#primaryimage\",\"url\":\"https:\\\/\\\/granjaescuela-haritzberri.com\\\/wp-content\\\/uploads\\\/2021\\\/10\\\/PREBODA-DANI-RAQUEL-4-1024x683-1.jpg\",\"contentUrl\":\"https:\\\/\\\/granjaescuela-haritzberri.com\\\/wp-content\\\/uploads\\\/2021\\\/10\\\/PREBODA-DANI-RAQUEL-4-1024x683-1.jpg\",\"width\":1024,\"height\":683},{\"@type\":\"BreadcrumbList\",\"@id\":\"https:\\\/\\\/granjaescuela-haritzberri.com\\\/aforo-completo-en-la-proxima-plantacion-popular\\\/#breadcrumb\",\"itemListElement\":[{\"@type\":\"ListItem\",\"position\":1,\"name\":\"Portada\",\"item\":\"https:\\\/\\\/granjaescuela-haritzberri.com\\\/eu\\\/\"},{\"@type\":\"ListItem\",\"position\":2,\"name\":\"\u00a1AFORO COMPLETO EN LA PROXIMA PLANTACI\u00d3N POPULAR!\"}]},{\"@type\":\"WebSite\",\"@id\":\"https:\\\/\\\/granjaescuela-haritzberri.com\\\/#website\",\"url\":\"https:\\\/\\\/granjaescuela-haritzberri.com\\\/\",\"name\":\"Granja escuela Haritz Berri\",\"description\":\"\",\"potentialAction\":[{\"@type\":\"SearchAction\",\"target\":{\"@type\":\"EntryPoint\",\"urlTemplate\":\"https:\\\/\\\/granjaescuela-haritzberri.com\\\/?s={search_term_string}\"},\"query-input\":{\"@type\":\"PropertyValueSpecification\",\"valueRequired\":true,\"valueName\":\"search_term_string\"}}],\"inLanguage\":\"eu\"},{\"@type\":\"Person\",\"@id\":\"https:\\\/\\\/granjaescuela-haritzberri.com\\\/#\\\/schema\\\/person\\\/5533e6a03045139e0188c46292a20a19\",\"name\":\"Alberto Perez\",\"url\":\"https:\\\/\\\/granjaescuela-haritzberri.com\\\/eu\\\/author\\\/alberto-perez\\\/\"}]}<\/script>\n<!-- \/ Yoast SEO plugin. -->","yoast_head_json":{"title":"\u00a1AFORO COMPLETO EN LA PROXIMA PLANTACI\u00d3N POPULAR! - Granja escuela Haritz Berri","robots":{"index":"index","follow":"follow","max-snippet":"max-snippet:-1","max-image-preview":"max-image-preview:large","max-video-preview":"max-video-preview:-1"},"canonical":"https:\/\/granjaescuela-haritzberri.com\/aforo-completo-en-la-proxima-plantacion-popular\/","og_locale":"en_US","og_type":"article","og_title":"\u00a1AFORO COMPLETO EN LA PROXIMA PLANTACI\u00d3N POPULAR! - Granja escuela Haritz Berri","og_url":"https:\/\/granjaescuela-haritzberri.com\/aforo-completo-en-la-proxima-plantacion-popular\/","og_site_name":"Granja escuela Haritz Berri","article_published_time":"2021-10-25T19:02:24+00:00","article_modified_time":"2024-10-23T17:06:24+00:00","og_image":[{"width":1024,"height":683,"url":"https:\/\/granjaescuela-haritzberri.com\/wp-content\/uploads\/2021\/10\/PREBODA-DANI-RAQUEL-4-1024x683-1.jpg","type":"image\/jpeg"}],"author":"Alberto Perez","twitter_card":"summary_large_image","twitter_misc":{"Written by":"Alberto Perez","Est. reading time":"7 minutua"},"schema":{"@context":"https:\/\/schema.org","@graph":[{"@type":"Article","@id":"https:\/\/granjaescuela-haritzberri.com\/aforo-completo-en-la-proxima-plantacion-popular\/#article","isPartOf":{"@id":"https:\/\/granjaescuela-haritzberri.com\/aforo-completo-en-la-proxima-plantacion-popular\/"},"author":{"name":"Alberto Perez","@id":"https:\/\/granjaescuela-haritzberri.com\/#\/schema\/person\/5533e6a03045139e0188c46292a20a19"},"headline":"\u00a1AFORO COMPLETO EN LA PROXIMA PLANTACI\u00d3N POPULAR!","datePublished":"2021-10-25T19:02:24+00:00","dateModified":"2024-10-23T17:06:24+00:00","mainEntityOfPage":{"@id":"https:\/\/granjaescuela-haritzberri.com\/aforo-completo-en-la-proxima-plantacion-popular\/"},"wordCount":1360,"commentCount":0,"image":{"@id":"https:\/\/granjaescuela-haritzberri.com\/aforo-completo-en-la-proxima-plantacion-popular\/#primaryimage"},"thumbnailUrl":"https:\/\/granjaescuela-haritzberri.com\/wp-content\/uploads\/2021\/10\/PREBODA-DANI-RAQUEL-4-1024x683-1.jpg","articleSection":["Bizi-baso"],"inLanguage":"eu","potentialAction":[{"@type":"CommentAction","name":"Comment","target":["https:\/\/granjaescuela-haritzberri.com\/aforo-completo-en-la-proxima-plantacion-popular\/#respond"]}]},{"@type":"WebPage","@id":"https:\/\/granjaescuela-haritzberri.com\/aforo-completo-en-la-proxima-plantacion-popular\/","url":"https:\/\/granjaescuela-haritzberri.com\/aforo-completo-en-la-proxima-plantacion-popular\/","name":"\u00a1AFORO COMPLETO EN LA PROXIMA PLANTACI\u00d3N POPULAR! - Granja escuela Haritz Berri","isPartOf":{"@id":"https:\/\/granjaescuela-haritzberri.com\/#website"},"primaryImageOfPage":{"@id":"https:\/\/granjaescuela-haritzberri.com\/aforo-completo-en-la-proxima-plantacion-popular\/#primaryimage"},"image":{"@id":"https:\/\/granjaescuela-haritzberri.com\/aforo-completo-en-la-proxima-plantacion-popular\/#primaryimage"},"thumbnailUrl":"https:\/\/granjaescuela-haritzberri.com\/wp-content\/uploads\/2021\/10\/PREBODA-DANI-RAQUEL-4-1024x683-1.jpg","datePublished":"2021-10-25T19:02:24+00:00","dateModified":"2024-10-23T17:06:24+00:00","author":{"@id":"https:\/\/granjaescuela-haritzberri.com\/#\/schema\/person\/5533e6a03045139e0188c46292a20a19"},"breadcrumb":{"@id":"https:\/\/granjaescuela-haritzberri.com\/aforo-completo-en-la-proxima-plantacion-popular\/#breadcrumb"},"inLanguage":"eu","potentialAction":[{"@type":"ReadAction","target":["https:\/\/granjaescuela-haritzberri.com\/aforo-completo-en-la-proxima-plantacion-popular\/"]}]},{"@type":"ImageObject","inLanguage":"eu","@id":"https:\/\/granjaescuela-haritzberri.com\/aforo-completo-en-la-proxima-plantacion-popular\/#primaryimage","url":"https:\/\/granjaescuela-haritzberri.com\/wp-content\/uploads\/2021\/10\/PREBODA-DANI-RAQUEL-4-1024x683-1.jpg","contentUrl":"https:\/\/granjaescuela-haritzberri.com\/wp-content\/uploads\/2021\/10\/PREBODA-DANI-RAQUEL-4-1024x683-1.jpg","width":1024,"height":683},{"@type":"BreadcrumbList","@id":"https:\/\/granjaescuela-haritzberri.com\/aforo-completo-en-la-proxima-plantacion-popular\/#breadcrumb","itemListElement":[{"@type":"ListItem","position":1,"name":"Portada","item":"https:\/\/granjaescuela-haritzberri.com\/eu\/"},{"@type":"ListItem","position":2,"name":"\u00a1AFORO COMPLETO EN LA PROXIMA PLANTACI\u00d3N POPULAR!"}]},{"@type":"WebSite","@id":"https:\/\/granjaescuela-haritzberri.com\/#website","url":"https:\/\/granjaescuela-haritzberri.com\/","name":"Granja escuela Haritz Berri","description":"","potentialAction":[{"@type":"SearchAction","target":{"@type":"EntryPoint","urlTemplate":"https:\/\/granjaescuela-haritzberri.com\/?s={search_term_string}"},"query-input":{"@type":"PropertyValueSpecification","valueRequired":true,"valueName":"search_term_string"}}],"inLanguage":"eu"},{"@type":"Person","@id":"https:\/\/granjaescuela-haritzberri.com\/#\/schema\/person\/5533e6a03045139e0188c46292a20a19","name":"Alberto Perez","url":"https:\/\/granjaescuela-haritzberri.com\/eu\/author\/alberto-perez\/"}]}},"_links":{"self":[{"href":"https:\/\/granjaescuela-haritzberri.com\/eu\/wp-json\/wp\/v2\/posts\/1019","targetHints":{"allow":["GET"]}}],"collection":[{"href":"https:\/\/granjaescuela-haritzberri.com\/eu\/wp-json\/wp\/v2\/posts"}],"about":[{"href":"https:\/\/granjaescuela-haritzberri.com\/eu\/wp-json\/wp\/v2\/types\/post"}],"author":[{"embeddable":true,"href":"https:\/\/granjaescuela-haritzberri.com\/eu\/wp-json\/wp\/v2\/users\/2"}],"replies":[{"embeddable":true,"href":"https:\/\/granjaescuela-haritzberri.com\/eu\/wp-json\/wp\/v2\/comments?post=1019"}],"version-history":[{"count":1,"href":"https:\/\/granjaescuela-haritzberri.com\/eu\/wp-json\/wp\/v2\/posts\/1019\/revisions"}],"predecessor-version":[{"id":1396,"href":"https:\/\/granjaescuela-haritzberri.com\/eu\/wp-json\/wp\/v2\/posts\/1019\/revisions\/1396"}],"wp:featuredmedia":[{"embeddable":true,"href":"https:\/\/granjaescuela-haritzberri.com\/eu\/wp-json\/wp\/v2\/media\/1394"}],"wp:attachment":[{"href":"https:\/\/granjaescuela-haritzberri.com\/eu\/wp-json\/wp\/v2\/media?parent=1019"}],"wp:term":[{"taxonomy":"category","embeddable":true,"href":"https:\/\/granjaescuela-haritzberri.com\/eu\/wp-json\/wp\/v2\/categories?post=1019"},{"taxonomy":"post_tag","embeddable":true,"href":"https:\/\/granjaescuela-haritzberri.com\/eu\/wp-json\/wp\/v2\/tags?post=1019"}],"curies":[{"name":"wp","href":"https:\/\/api.w.org\/{rel}","templated":true}]}}